{"id":136,"date":"2026-04-26T12:45:21","date_gmt":"2026-04-26T12:45:21","guid":{"rendered":"https:\/\/artistic-teal-raccoon.161-97-130-66.cpanel.site\/?p=136"},"modified":"2026-04-26T12:45:23","modified_gmt":"2026-04-26T12:45:23","slug":"a-quien-pertenece-la-identidad-de-tu-hijo","status":"publish","type":"post","link":"https:\/\/raicesparavolar.com\/?p=136","title":{"rendered":"\u00bfA qui\u00e9n pertenece la identidad de tu hijo?"},"content":{"rendered":"\n<p>\u00bfA \u00e9l o a tus expectativas? Muchas veces, sin darnos cuenta, estamos criando ni\u00f1os\/as expertos en cumplir expectativas, pero<strong>&nbsp;desconectados<\/strong>&nbsp;de quienes son en realidad;&nbsp;<\/p>\n\n\n\n<p>por eso, en<strong>&nbsp;Ra\u00edces y Vuelo<\/strong>&nbsp;sabemos que si la identidad de tu hijo depende de que se &#8220;porte bien&#8221;,&nbsp; sea el n\u00famero uno o no moleste, no est\u00e1s construyendo su autoestima, sino una base fr\u00e1gil propensa a la ansiedad.<\/p>\n\n\n\n<p>La verdadera identidad no se limita a la superficie de sus gustos o metas alcanzadas, sino a la certeza interna de que su valor es innegociable y no depende de sus aciertos o fracasos. En esta etapa de Educaci\u00f3n Infantil de\u00a0<strong>0 a los 6 a\u00f1os<\/strong>, en esta fase el ni\u00f1o se ve solo:<strong>\u00a0nosotros somos su primer espejo.<\/strong><br><br>En este reflejo donde comienza el trabajo de autoestima. Es nuestra responsabilidad como gu\u00edas prestarles nuestro ojos, para que vean lo que a\u00fan no saben nombrar. Cuando le ayudamos a reconocer, ellos empiezan a interiorizar certeza como: &#8220;Yo valgo, yo soy suficiente o soy amoroso.<\/p>\n\n\n\n<p>Cuando sustituimos la presi\u00f3n de la exigencia por la seguridad del amor incondicional, el esfuerzo deja de ser una carga y se convierte en un camino de crecimiento natural.<\/p>\n\n\n\n<p>No buscamos moldear a los ni\u00f1os para que encajen en un molde externo. sino ser los&nbsp;<strong>gu\u00edas<\/strong>&nbsp;que dan firmeza a sus ra\u00edces para que sus alas crezcan libres:&nbsp;<\/p>\n\n\n\n<p><strong>Porque solo quien se siente profundamente amado por lo que es, y no por lo que hace, tiene el coraje de llegar a ser todo lo que est\u00e1 llamado a ser.<\/strong><\/p>\n","protected":false},"excerpt":{"rendered":"<p>\u00bfA \u00e9l o a tus expectativas? Muchas veces, sin darnos cuenta, estamos criando ni\u00f1os\/as expertos en cumplir expectativas, pero&nbsp;desconectados&nbsp;de quienes son en realidad;&nbsp; por eso, en&nbsp;Ra\u00edces y Vuelo&nbsp;sabemos que si la identidad de tu hijo depende de que se &#8220;porte bien&#8221;,&nbsp; sea el n\u00famero uno o no moleste, no est\u00e1s construyendo su autoestima, sino una [&hellip;]<\/p>\n","protected":false},"author":1,"featured_media":137,"comment_status":"open","ping_status":"open","sticky":false,"template":"","format":"standard","meta":{"footnotes":""},"categories":[1],"tags":[],"class_list":["post-136","post","type-post","status-publish","format-standard","has-post-thumbnail","hentry","category-uncategorized"],"_links":{"self":[{"href":"https:\/\/raicesparavolar.com\/index.php?rest_route=\/wp\/v2\/posts\/136","targetHints":{"allow":["GET"]}}],"collection":[{"href":"https:\/\/raicesparavolar.com\/index.php?rest_route=\/wp\/v2\/posts"}],"about":[{"href":"https:\/\/raicesparavolar.com\/index.php?rest_route=\/wp\/v2\/types\/post"}],"author":[{"embeddable":true,"href":"https:\/\/raicesparavolar.com\/index.php?rest_route=\/wp\/v2\/users\/1"}],"replies":[{"embeddable":true,"href":"https:\/\/raicesparavolar.com\/index.php?rest_route=%2Fwp%2Fv2%2Fcomments&post=136"}],"version-history":[{"count":1,"href":"https:\/\/raicesparavolar.com\/index.php?rest_route=\/wp\/v2\/posts\/136\/revisions"}],"predecessor-version":[{"id":138,"href":"https:\/\/raicesparavolar.com\/index.php?rest_route=\/wp\/v2\/posts\/136\/revisions\/138"}],"wp:featuredmedia":[{"embeddable":true,"href":"https:\/\/raicesparavolar.com\/index.php?rest_route=\/wp\/v2\/media\/137"}],"wp:attachment":[{"href":"https:\/\/raicesparavolar.com\/index.php?rest_route=%2Fwp%2Fv2%2Fmedia&parent=136"}],"wp:term":[{"taxonomy":"category","embeddable":true,"href":"https:\/\/raicesparavolar.com\/index.php?rest_route=%2Fwp%2Fv2%2Fcategories&post=136"},{"taxonomy":"post_tag","embeddable":true,"href":"https:\/\/raicesparavolar.com\/index.php?rest_route=%2Fwp%2Fv2%2Ftags&post=136"}],"curies":[{"name":"wp","href":"https:\/\/api.w.org\/{rel}","templated":true}]}}